{"id":122,"count":22,"description":"<h3>Alimentation - Magasins bio et \u00e9piceries vrac<\/h3>\r\nL'alimentation a une place centrale dans nos vies, c'est pourquoi il est important de bien choisir ce que l'on met dans son assiette. Produits locaux et de saison, circuits courts, agriculture biologique...un grand choix s'offre \u00e0 vous ! D\u00e9couvrez les bonnes adresses d'\u00e9piceries proposant des produits locaux et\/ou en vrac pour une <strong>alimentation durable et gourmande.<\/strong>","link":"https:\/\/map.thegreenergood.fr\/index.php\/categorie\/magasins-bio-epiceries-vrac\/","name":"Magasins bio, \u00e9piceries vrac","slug":"magasins-bio-epiceries-vrac","taxonomy":"job_listing_category","parent":46,"meta":[],"yoast_head":"<!-- This site is optimized with the Yoast SEO plugin v14.4.1 - https:\/\/yoast.com\/wordpress\/plugins\/seo\/ -->\n<title>Magasins et \u00e9piceries - Adresses \u00e9co-responsables - The Greener Map<\/title>\n<meta name=\"description\" content=\"Adoptez une alimentation plus respectueuse de l&#039;environnement gr\u00e2ce aux bonnes adresses d&#039;\u00e9piceries locales et\/ou en vrac (z\u00e9ro d\u00e9chet) de la carte.\" \/>\n<meta name=\"robots\" content=\"index, follow\" \/>\n<meta name=\"googlebot\" content=\"index, follow, max-snippet:-1, max-image-preview:large, max-video-preview:-1\" \/>\n<meta name=\"bingbot\" content=\"index, follow, max-snippet:-1, max-image-preview:large, max-video-preview:-1\" \/>\n<link rel=\"canonical\" href=\"https:\/\/map.thegreenergood.fr\/index.php\/categorie\/magasins-bio-epiceries-vrac\/\" \/>\n<meta property=\"og:locale\" content=\"fr_FR\" \/>\n<meta property=\"og:type\" content=\"article\" \/>\n<meta property=\"og:title\" content=\"Magasins et \u00e9piceries - Adresses \u00e9co-responsables - The Greener Map\" \/>\n<meta property=\"og:description\" content=\"Adoptez une alimentation plus respectueuse de l&#039;environnement gr\u00e2ce aux bonnes adresses d&#039;\u00e9piceries locales et\/ou en vrac (z\u00e9ro d\u00e9chet) de la carte.\" \/>\n<meta property=\"og:url\" content=\"https:\/\/map.thegreenergood.fr\/index.php\/categorie\/magasins-bio-epiceries-vrac\/\" \/>\n<meta property=\"og:site_name\" content=\"The Greener Map\" \/>\n<meta name=\"twitter:card\" content=\"summary_large_image\" \/>\n<meta name=\"twitter:site\" content=\"@TheGreenerGoodF\" \/>\n<script type=\"application\/ld+json\" class=\"yoast-schema-graph\">{\"@context\":\"https:\/\/schema.org\",\"@graph\":[{\"@type\":\"Organization\",\"@id\":\"https:\/\/map.thegreenergood.fr\/#organization\",\"name\":\"The Greener Good\",\"url\":\"https:\/\/map.thegreenergood.fr\/\",\"sameAs\":[\"https:\/\/www.facebook.com\/thegreenergoodFR\/\",\"https:\/\/www.instagram.com\/the_greener_good\/\",\"https:\/\/www.youtube.com\/channel\/UCHW2zAiIK5dMOJKqBSv3G4A\",\"https:\/\/twitter.com\/TheGreenerGoodF\"],\"logo\":{\"@type\":\"ImageObject\",\"@id\":\"https:\/\/map.thegreenergood.fr\/#logo\",\"inLanguage\":\"fr-FR\",\"url\":\"\",\"caption\":\"The Greener Good\"},\"image\":{\"@id\":\"https:\/\/map.thegreenergood.fr\/#logo\"}},{\"@type\":\"WebSite\",\"@id\":\"https:\/\/map.thegreenergood.fr\/#website\",\"url\":\"https:\/\/map.thegreenergood.fr\/\",\"name\":\"Guide Greener\",\"description\":\"Adresses \\u00e9coresponsables du Grand Lyon\",\"publisher\":{\"@id\":\"https:\/\/map.thegreenergood.fr\/#organization\"},\"potentialAction\":[{\"@type\":\"SearchAction\",\"target\":\"https:\/\/map.thegreenergood.fr\/?s={search_term_string}\",\"query-input\":\"required name=search_term_string\"}],\"inLanguage\":\"fr-FR\"},{\"@type\":\"CollectionPage\",\"@id\":\"https:\/\/map.thegreenergood.fr\/index.php\/categorie\/magasins-bio-epiceries-vrac\/#webpage\",\"url\":\"https:\/\/map.thegreenergood.fr\/index.php\/categorie\/magasins-bio-epiceries-vrac\/\",\"name\":\"Magasins et \\u00e9piceries - Adresses \\u00e9co-responsables - The Greener Map\",\"isPartOf\":{\"@id\":\"https:\/\/map.thegreenergood.fr\/#website\"},\"description\":\"Adoptez une alimentation plus respectueuse de l'environnement gr\\u00e2ce aux bonnes adresses d'\\u00e9piceries locales et\/ou en vrac (z\\u00e9ro d\\u00e9chet) de la carte.\",\"inLanguage\":\"fr-FR\"}]}<\/script>\n<!-- \/ Yoast SEO plugin. -->","_links":{"self":[{"href":"https:\/\/map.thegreenergood.fr\/index.php\/wp-json\/wp\/v2\/job-categories\/122"}],"collection":[{"href":"https:\/\/map.thegreenergood.fr\/index.php\/wp-json\/wp\/v2\/job-categories"}],"about":[{"href":"https:\/\/map.thegreenergood.fr\/index.php\/wp-json\/wp\/v2\/taxonomies\/job_listing_category"}],"up":[{"embeddable":true,"href":"https:\/\/map.thegreenergood.fr\/index.php\/wp-json\/wp\/v2\/job-categories\/46"}],"wp:post_type":[{"href":"https:\/\/map.thegreenergood.fr\/index.php\/wp-json\/wp\/v2\/job-listings?job-categories=122"}],"curies":[{"name":"wp","href":"https:\/\/api.w.org\/{rel}","templated":true}]}}