{"id":162,"count":31,"description":"<h3>Alimentation - Caf\u00e9s, salons de th\u00e9, bars<\/h3>\r\nL'alimentation a une place centrale dans nos vies, c'est pourquoi il est important de bien choisir ce que l'on met dans son assiette. Produits locaux et de saison, circuits courts, agriculture biologique...un grand choix s'offre \u00e0 vous ! Nous savons \u00e0 quel point il fait bon vivre autour d\u2019une bi\u00e8re locale, d\u2019un vin naturel ou m\u00eame d\u2019une succulente planche ap\u00e9ritive bio (ou m\u00eame les trois \u00e0 la fois). Profitez de l\u2019ambiance de ces bars<span style=\"color: inherit; font-family: inherit; font-size: inherit;\"> qui allient convivialit\u00e9, d\u00e9tente et\u00a0<\/span>valeurs \u00e9cologiques ! Pour un d\u00e9jeuner en semaine ou pour une pause th\u00e9, caf\u00e9 ou go\u00fbter, on appr\u00e9cie ces lieux cosy et conviviaux. Vous en trouverez forc\u00e9ment un qui conviendra \u00e0 vos go\u00fbts et \u00e0 votre humeur du moment !","link":"https:\/\/map.thegreenergood.fr\/index.php\/categorie\/cafes-salons-the-bars\/","name":"Caf\u00e9s, salons de th\u00e9, bars","slug":"cafes-salons-the-bars","taxonomy":"job_listing_category","parent":46,"meta":[],"yoast_head":"<!-- This site is optimized with the Yoast SEO plugin v14.4.1 - https:\/\/yoast.com\/wordpress\/plugins\/seo\/ -->\n<title>Caf\u00e9s, salon de th\u00e9, bars - Adresses \u00e9co-responsables - The Greener Map<\/title>\n<meta name=\"description\" content=\"Profitez de l\u2019ambiance de ces bars qui allient convivialit\u00e9, d\u00e9tente et\u00a0valeurs \u00e9cologiques ainsi que des caf\u00e9s et salons cosy et conviviaux \u00e0 trouver ici.\" \/>\n<meta name=\"robots\" content=\"index, follow\" \/>\n<meta name=\"googlebot\" content=\"index, follow, max-snippet:-1, max-image-preview:large, max-video-preview:-1\" \/>\n<meta name=\"bingbot\" content=\"index, follow, max-snippet:-1, max-image-preview:large, max-video-preview:-1\" \/>\n<link rel=\"canonical\" href=\"https:\/\/map.thegreenergood.fr\/index.php\/categorie\/cafes-salons-the-bars\/\" \/>\n<meta property=\"og:locale\" content=\"fr_FR\" \/>\n<meta property=\"og:type\" content=\"article\" \/>\n<meta property=\"og:title\" content=\"Caf\u00e9s, salon de th\u00e9, bars - Adresses \u00e9co-responsables - The Greener Map\" \/>\n<meta property=\"og:description\" content=\"Profitez de l\u2019ambiance de ces bars qui allient convivialit\u00e9, d\u00e9tente et\u00a0valeurs \u00e9cologiques ainsi que des caf\u00e9s et salons cosy et conviviaux \u00e0 trouver ici.\" \/>\n<meta property=\"og:url\" content=\"https:\/\/map.thegreenergood.fr\/index.php\/categorie\/cafes-salons-the-bars\/\" \/>\n<meta property=\"og:site_name\" content=\"The Greener Map\" \/>\n<meta name=\"twitter:card\" content=\"summary_large_image\" \/>\n<meta name=\"twitter:site\" content=\"@TheGreenerGoodF\" \/>\n<script type=\"application\/ld+json\" class=\"yoast-schema-graph\">{\"@context\":\"https:\/\/schema.org\",\"@graph\":[{\"@type\":\"Organization\",\"@id\":\"https:\/\/map.thegreenergood.fr\/#organization\",\"name\":\"The Greener Good\",\"url\":\"https:\/\/map.thegreenergood.fr\/\",\"sameAs\":[\"https:\/\/www.facebook.com\/thegreenergoodFR\/\",\"https:\/\/www.instagram.com\/the_greener_good\/\",\"https:\/\/www.youtube.com\/channel\/UCHW2zAiIK5dMOJKqBSv3G4A\",\"https:\/\/twitter.com\/TheGreenerGoodF\"],\"logo\":{\"@type\":\"ImageObject\",\"@id\":\"https:\/\/map.thegreenergood.fr\/#logo\",\"inLanguage\":\"fr-FR\",\"url\":\"\",\"caption\":\"The Greener Good\"},\"image\":{\"@id\":\"https:\/\/map.thegreenergood.fr\/#logo\"}},{\"@type\":\"WebSite\",\"@id\":\"https:\/\/map.thegreenergood.fr\/#website\",\"url\":\"https:\/\/map.thegreenergood.fr\/\",\"name\":\"Guide Greener\",\"description\":\"Adresses \\u00e9coresponsables du Grand Lyon\",\"publisher\":{\"@id\":\"https:\/\/map.thegreenergood.fr\/#organization\"},\"potentialAction\":[{\"@type\":\"SearchAction\",\"target\":\"https:\/\/map.thegreenergood.fr\/?s={search_term_string}\",\"query-input\":\"required name=search_term_string\"}],\"inLanguage\":\"fr-FR\"},{\"@type\":\"CollectionPage\",\"@id\":\"https:\/\/map.thegreenergood.fr\/index.php\/categorie\/cafes-salons-the-bars\/#webpage\",\"url\":\"https:\/\/map.thegreenergood.fr\/index.php\/categorie\/cafes-salons-the-bars\/\",\"name\":\"Caf\\u00e9s, salon de th\\u00e9, bars - Adresses \\u00e9co-responsables - The Greener Map\",\"isPartOf\":{\"@id\":\"https:\/\/map.thegreenergood.fr\/#website\"},\"description\":\"Profitez de l\\u2019ambiance de ces bars qui allient convivialit\\u00e9, d\\u00e9tente et\\u00a0valeurs \\u00e9cologiques ainsi que des caf\\u00e9s et salons cosy et conviviaux \\u00e0 trouver ici.\",\"inLanguage\":\"fr-FR\"}]}<\/script>\n<!-- \/ Yoast SEO plugin. -->","_links":{"self":[{"href":"https:\/\/map.thegreenergood.fr\/index.php\/wp-json\/wp\/v2\/job-categories\/162"}],"collection":[{"href":"https:\/\/map.thegreenergood.fr\/index.php\/wp-json\/wp\/v2\/job-categories"}],"about":[{"href":"https:\/\/map.thegreenergood.fr\/index.php\/wp-json\/wp\/v2\/taxonomies\/job_listing_category"}],"up":[{"embeddable":true,"href":"https:\/\/map.thegreenergood.fr\/index.php\/wp-json\/wp\/v2\/job-categories\/46"}],"wp:post_type":[{"href":"https:\/\/map.thegreenergood.fr\/index.php\/wp-json\/wp\/v2\/job-listings?job-categories=162"}],"curies":[{"name":"wp","href":"https:\/\/api.w.org\/{rel}","templated":true}]}}